{"id":2074,"date":"2024-03-20T01:57:08","date_gmt":"2024-03-20T01:57:08","guid":{"rendered":"https:\/\/tonygalilopez.com\/wp\/?p=2074"},"modified":"2024-03-21T01:59:02","modified_gmt":"2024-03-21T01:59:02","slug":"tony-gali-encabeza-jornada-de-activacion","status":"publish","type":"post","link":"https:\/\/tonygalilopez.com\/wp\/2024\/03\/20\/tony-gali-encabeza-jornada-de-activacion\/","title":{"rendered":"TONY GALI ENCABEZA JORNADA DE ACTIVACI\u00d3N"},"content":{"rendered":"<p>\u2022 M\u00e1s de 150 personas se dieron cita en el Cerro de La Paz<\/p>\n<p>\u201cGarantizar la promoci\u00f3n y cuidado de la salud f\u00edsica y mental ser\u00e1 prioridad en la agenda legislativa humanista\u201d, afirm\u00f3 Tony Gali L\u00f3pez, candidato de la coalici\u00f3n Sigamos Haciendo Historia por el distrito 9.<\/p>\n<p>Al encabezar la jornada por la activaci\u00f3n realizada en el Cerro de La Paz, donde se dieron cita m\u00e1s de 150 personas, principalmente mujeres, Gali L\u00f3pez agradeci\u00f3 la invitaci\u00f3n y la oportunidad de ser parte de esta convivencia que es s\u00edntoma de buenos h\u00e1bitos y disciplina, tan necesarios en en la actualidad.<\/p>\n<p>Tony Gali reafirm\u00f3 su compromiso de ser la voz de la ciudadan\u00eda en el congreso y un gestor permanente con las autoridades para plantear soluciones a tem\u00e1ticas como la seguridad y los apoyos a madres jefas de familia, quienes son pilares de la sociedad.<\/p>\n","protected":false},"excerpt":{"rendered":"<p>\u2022 M\u00e1s de 150 personas se dieron cita en el Cerro de La Paz \u201cGarantizar la promoci\u00f3n y cuidado de la salud f\u00edsica y mental ser\u00e1 prioridad en la agenda legislativa humanista\u201d, afirm\u00f3 Tony Gali L\u00f3pez, candidato de la coalici\u00f3n Sigamos Haciendo Historia por el distrito 9. Al encabezar la jornada por la activaci\u00f3n realizada [&hellip;]<\/p>\n","protected":false},"author":2,"featured_media":2075,"comment_status":"open","ping_status":"open","sticky":false,"template":"","format":"standard","meta":{"footnotes":""},"categories":[1],"tags":[65,66,69,55,67,57,59,54,56,61,68],"class_list":["post-2074","post","type-post","status-publish","format-standard","has-post-thumbnail","hentry","category-uncategorized","tag-diputados-verde","tag-gali","tag-la-paz","tag-medio-ambiente","tag-mujeres","tag-puebla","tag-pvem","tag-ruta-verde","tag-tony-gali","tag-tony-gali-lopez","tag-zumba"],"_links":{"self":[{"href":"https:\/\/tonygalilopez.com\/wp\/wp-json\/wp\/v2\/posts\/2074","targetHints":{"allow":["GET"]}}],"collection":[{"href":"https:\/\/tonygalilopez.com\/wp\/wp-json\/wp\/v2\/posts"}],"about":[{"href":"https:\/\/tonygalilopez.com\/wp\/wp-json\/wp\/v2\/types\/post"}],"author":[{"embeddable":true,"href":"https:\/\/tonygalilopez.com\/wp\/wp-json\/wp\/v2\/users\/2"}],"replies":[{"embeddable":true,"href":"https:\/\/tonygalilopez.com\/wp\/wp-json\/wp\/v2\/comments?post=2074"}],"version-history":[{"count":1,"href":"https:\/\/tonygalilopez.com\/wp\/wp-json\/wp\/v2\/posts\/2074\/revisions"}],"predecessor-version":[{"id":2076,"href":"https:\/\/tonygalilopez.com\/wp\/wp-json\/wp\/v2\/posts\/2074\/revisions\/2076"}],"wp:featuredmedia":[{"embeddable":true,"href":"https:\/\/tonygalilopez.com\/wp\/wp-json\/wp\/v2\/media\/2075"}],"wp:attachment":[{"href":"https:\/\/tonygalilopez.com\/wp\/wp-json\/wp\/v2\/media?parent=2074"}],"wp:term":[{"taxonomy":"category","embeddable":true,"href":"https:\/\/tonygalilopez.com\/wp\/wp-json\/wp\/v2\/categories?post=2074"},{"taxonomy":"post_tag","embeddable":true,"href":"https:\/\/tonygalilopez.com\/wp\/wp-json\/wp\/v2\/tags?post=2074"}],"curies":[{"name":"wp","href":"https:\/\/api.w.org\/{rel}","templated":true}]}}